{"id":550209,"date":"2022-06-30T13:23:56","date_gmt":"2022-06-30T13:23:56","guid":{"rendered":"https:\/\/nexefundacio.org\/fins-ben-aviat-nens-i-nenes\/"},"modified":"2022-10-06T11:37:14","modified_gmt":"2022-10-06T11:37:14","slug":"fins-ben-aviat-nens-i-nenes","status":"publish","type":"post","link":"https:\/\/nexefundacio.org\/es\/fins-ben-aviat-nens-i-nenes\/","title":{"rendered":"Hasta pronto ni\u00f1@s!"},"content":{"rendered":"<p><span data-contrast=\"auto\">En la Aula de Atenci\u00f3n Especializada de Nexe Fundaci\u00f3 &#8211; EBM Tambor, hemos celebrado la Fiesta de Final de Curso!! <\/span><span data-ccp-props=\"{\"201341983\":0,\"335559739\":160,\"335559740\":259}\"> <\/span><\/p>\n<p><span data-contrast=\"auto\">Familias, gracias por vuestra confianza.<\/span><span data-ccp-props=\"{\"201341983\":0,\"335559739\":160,\"335559740\":259}\"> <\/span><\/p>\n<p><span data-contrast=\"auto\">Ha sido un curso lleno de buenos momentos, muchas sonrisas y aprendizajes. Ni\u00f1@s, nos despedimos de esta etapa en Nexe y os deseamos un camino lleno de Luz, nuevas aventuras y nuevos retos por conquistar. <\/span><span data-ccp-props=\"{\"201341983\":0,\"335559739\":160,\"335559740\":259}\"> <\/span><\/p>\n<p><span data-contrast=\"auto\">Hasta pronto, porqu\u00e9 siempre os llevaremps en el coraz\u00f3n y sabemos que nos iremos encontrando en otros lugares y actividades!!!<\/span><span data-ccp-props=\"{\"201341983\":0,\"335559739\":160,\"335559740\":259}\"> <\/span><\/p>\n","protected":false},"excerpt":{"rendered":"<p>En la Aula de Atenci\u00f3n Especializada de Nexe Fundaci\u00f3 &#8211; EBM Tambor, hemos celebrado la Fiesta de Final de Curso!! Familias, gracias por vuestra confianza. Ha sido un curso lleno de buenos momentos, muchas sonrisas y aprendizajes. Ni\u00f1@s, nos despedimos de esta etapa en Nexe y os deseamos un camino lleno de Luz, nuevas aventuras [&hellip;]<\/p>\n","protected":false},"author":5,"featured_media":549945,"comment_status":"closed","ping_status":"closed","sticky":false,"template":"","format":"standard","meta":{"footnotes":""},"categories":[39],"tags":[],"class_list":["post-550209","post","type-post","status-publish","format-standard","has-post-thumbnail","hentry","category-sin-categorizar-es"],"yoast_head":"<!-- This site is optimized with the Yoast SEO plugin v26.1.1 - https:\/\/yoast.com\/wordpress\/plugins\/seo\/ -->\n<title>Hasta pronto ni\u00f1@s! - Nexe Fundaci\u00f3<\/title>\n<meta name=\"robots\" content=\"index, follow, max-snippet:-1, max-image-preview:large, max-video-preview:-1\" \/>\n<link rel=\"canonical\" href=\"https:\/\/nexefundacio.org\/es\/fins-ben-aviat-nens-i-nenes\/\" \/>\n<meta property=\"og:locale\" content=\"es_ES\" \/>\n<meta property=\"og:type\" content=\"article\" \/>\n<meta property=\"og:title\" content=\"Hasta pronto ni\u00f1@s! - Nexe Fundaci\u00f3\" \/>\n<meta property=\"og:description\" content=\"En la Aula de Atenci\u00f3n Especializada de Nexe Fundaci\u00f3 &#8211; EBM Tambor, hemos celebrado la Fiesta de Final de Curso!! Familias, gracias por vuestra confianza. Ha sido un curso lleno de buenos momentos, muchas sonrisas y aprendizajes. Ni\u00f1@s, nos despedimos de esta etapa en Nexe y os deseamos un camino lleno de Luz, nuevas aventuras [&hellip;]\" \/>\n<meta property=\"og:url\" content=\"https:\/\/nexefundacio.org\/es\/fins-ben-aviat-nens-i-nenes\/\" \/>\n<meta property=\"og:site_name\" content=\"Nexe Fundaci\u00f3\" \/>\n<meta property=\"article:publisher\" content=\"https:\/\/www.facebook.com\/NexeFundacioPrivada\/\" \/>\n<meta property=\"article:published_time\" content=\"2022-06-30T13:23:56+00:00\" \/>\n<meta property=\"article:modified_time\" content=\"2022-10-06T11:37:14+00:00\" \/>\n<meta property=\"og:image\" content=\"https:\/\/nexefundacio.org\/wp-content\/uploads\/2022\/06\/WhatsApp-Image-2022-06-23-at-14.03.20.jpeg\" \/>\n\t<meta property=\"og:image:width\" content=\"1283\" \/>\n\t<meta property=\"og:image:height\" content=\"931\" \/>\n\t<meta property=\"og:image:type\" content=\"image\/jpeg\" \/>\n<meta name=\"author\" content=\"Nexe\" \/>\n<meta name=\"twitter:card\" content=\"summary_large_image\" \/>\n<meta name=\"twitter:creator\" content=\"@nexefundacio\" \/>\n<meta name=\"twitter:site\" content=\"@nexefundacio\" \/>\n<meta name=\"twitter:label1\" content=\"Escrito por\" \/>\n\t<meta name=\"twitter:data1\" content=\"Nexe\" \/>\n<script type=\"application\/ld+json\" class=\"yoast-schema-graph\">{\"@context\":\"https:\/\/schema.org\",\"@graph\":[{\"@type\":\"Article\",\"@id\":\"https:\/\/nexefundacio.org\/es\/fins-ben-aviat-nens-i-nenes\/#article\",\"isPartOf\":{\"@id\":\"https:\/\/nexefundacio.org\/es\/fins-ben-aviat-nens-i-nenes\/\"},\"author\":{\"name\":\"Nexe\",\"@id\":\"https:\/\/nexefundacio.org\/#\/schema\/person\/11332180def8ebb641ab58ab164d396d\"},\"headline\":\"Hasta pronto ni\u00f1@s!\",\"datePublished\":\"2022-06-30T13:23:56+00:00\",\"dateModified\":\"2022-10-06T11:37:14+00:00\",\"mainEntityOfPage\":{\"@id\":\"https:\/\/nexefundacio.org\/es\/fins-ben-aviat-nens-i-nenes\/\"},\"wordCount\":87,\"publisher\":{\"@id\":\"https:\/\/nexefundacio.org\/#organization\"},\"image\":{\"@id\":\"https:\/\/nexefundacio.org\/es\/fins-ben-aviat-nens-i-nenes\/#primaryimage\"},\"thumbnailUrl\":\"https:\/\/nexefundacio.org\/wp-content\/uploads\/2022\/06\/WhatsApp-Image-2022-06-23-at-14.03.20.jpeg\",\"articleSection\":[\"Sin categorizar\"],\"inLanguage\":\"es\"},{\"@type\":\"WebPage\",\"@id\":\"https:\/\/nexefundacio.org\/es\/fins-ben-aviat-nens-i-nenes\/\",\"url\":\"https:\/\/nexefundacio.org\/es\/fins-ben-aviat-nens-i-nenes\/\",\"name\":\"Hasta pronto ni\u00f1@s! - Nexe Fundaci\u00f3\",\"isPartOf\":{\"@id\":\"https:\/\/nexefundacio.org\/#website\"},\"primaryImageOfPage\":{\"@id\":\"https:\/\/nexefundacio.org\/es\/fins-ben-aviat-nens-i-nenes\/#primaryimage\"},\"image\":{\"@id\":\"https:\/\/nexefundacio.org\/es\/fins-ben-aviat-nens-i-nenes\/#primaryimage\"},\"thumbnailUrl\":\"https:\/\/nexefundacio.org\/wp-content\/uploads\/2022\/06\/WhatsApp-Image-2022-06-23-at-14.03.20.jpeg\",\"datePublished\":\"2022-06-30T13:23:56+00:00\",\"dateModified\":\"2022-10-06T11:37:14+00:00\",\"breadcrumb\":{\"@id\":\"https:\/\/nexefundacio.org\/es\/fins-ben-aviat-nens-i-nenes\/#breadcrumb\"},\"inLanguage\":\"es\",\"potentialAction\":[{\"@type\":\"ReadAction\",\"target\":[\"https:\/\/nexefundacio.org\/es\/fins-ben-aviat-nens-i-nenes\/\"]}]},{\"@type\":\"ImageObject\",\"inLanguage\":\"es\",\"@id\":\"https:\/\/nexefundacio.org\/es\/fins-ben-aviat-nens-i-nenes\/#primaryimage\",\"url\":\"https:\/\/nexefundacio.org\/wp-content\/uploads\/2022\/06\/WhatsApp-Image-2022-06-23-at-14.03.20.jpeg\",\"contentUrl\":\"https:\/\/nexefundacio.org\/wp-content\/uploads\/2022\/06\/WhatsApp-Image-2022-06-23-at-14.03.20.jpeg\",\"width\":1283,\"height\":931},{\"@type\":\"BreadcrumbList\",\"@id\":\"https:\/\/nexefundacio.org\/es\/fins-ben-aviat-nens-i-nenes\/#breadcrumb\",\"itemListElement\":[{\"@type\":\"ListItem\",\"position\":1,\"name\":\"Inici\",\"item\":\"https:\/\/nexefundacio.org\/es\/\"},{\"@type\":\"ListItem\",\"position\":2,\"name\":\"Hasta pronto ni\u00f1@s!\"}]},{\"@type\":\"WebSite\",\"@id\":\"https:\/\/nexefundacio.org\/#website\",\"url\":\"https:\/\/nexefundacio.org\/\",\"name\":\"Nexe Fundaci\u00f3\",\"description\":\"Acompa\u00f1amos la infancia con pluridiscapacidad\",\"publisher\":{\"@id\":\"https:\/\/nexefundacio.org\/#organization\"},\"potentialAction\":[{\"@type\":\"SearchAction\",\"target\":{\"@type\":\"EntryPoint\",\"urlTemplate\":\"https:\/\/nexefundacio.org\/?s={search_term_string}\"},\"query-input\":{\"@type\":\"PropertyValueSpecification\",\"valueRequired\":true,\"valueName\":\"search_term_string\"}}],\"inLanguage\":\"es\"},{\"@type\":\"Organization\",\"@id\":\"https:\/\/nexefundacio.org\/#organization\",\"name\":\"Nexe Fundaci\u00f3\",\"url\":\"https:\/\/nexefundacio.org\/\",\"logo\":{\"@type\":\"ImageObject\",\"inLanguage\":\"es\",\"@id\":\"https:\/\/nexefundacio.org\/#\/schema\/logo\/image\/\",\"url\":\"https:\/\/nexefundacio.org\/wp-content\/uploads\/2021\/05\/Nexe-Fundacio.png\",\"contentUrl\":\"https:\/\/nexefundacio.org\/wp-content\/uploads\/2021\/05\/Nexe-Fundacio.png\",\"width\":300,\"height\":126,\"caption\":\"Nexe Fundaci\u00f3\"},\"image\":{\"@id\":\"https:\/\/nexefundacio.org\/#\/schema\/logo\/image\/\"},\"sameAs\":[\"https:\/\/www.facebook.com\/NexeFundacioPrivada\/\",\"https:\/\/x.com\/nexefundacio\",\"https:\/\/www.instagram.com\/nexefundacio\/\",\"https:\/\/www.linkedin.com\/company\/nexe-fundacio\/\",\"https:\/\/www.youtube.com\/user\/MoutePelsQuiets\"]},{\"@type\":\"Person\",\"@id\":\"https:\/\/nexefundacio.org\/#\/schema\/person\/11332180def8ebb641ab58ab164d396d\",\"name\":\"Nexe\"}]}<\/script>\n<!-- \/ Yoast SEO plugin. -->","yoast_head_json":{"title":"Hasta pronto ni\u00f1@s! - Nexe Fundaci\u00f3","robots":{"index":"index","follow":"follow","max-snippet":"max-snippet:-1","max-image-preview":"max-image-preview:large","max-video-preview":"max-video-preview:-1"},"canonical":"https:\/\/nexefundacio.org\/es\/fins-ben-aviat-nens-i-nenes\/","og_locale":"es_ES","og_type":"article","og_title":"Hasta pronto ni\u00f1@s! - Nexe Fundaci\u00f3","og_description":"En la Aula de Atenci\u00f3n Especializada de Nexe Fundaci\u00f3 &#8211; EBM Tambor, hemos celebrado la Fiesta de Final de Curso!! Familias, gracias por vuestra confianza. Ha sido un curso lleno de buenos momentos, muchas sonrisas y aprendizajes. Ni\u00f1@s, nos despedimos de esta etapa en Nexe y os deseamos un camino lleno de Luz, nuevas aventuras [&hellip;]","og_url":"https:\/\/nexefundacio.org\/es\/fins-ben-aviat-nens-i-nenes\/","og_site_name":"Nexe Fundaci\u00f3","article_publisher":"https:\/\/www.facebook.com\/NexeFundacioPrivada\/","article_published_time":"2022-06-30T13:23:56+00:00","article_modified_time":"2022-10-06T11:37:14+00:00","og_image":[{"width":1283,"height":931,"url":"https:\/\/nexefundacio.org\/wp-content\/uploads\/2022\/06\/WhatsApp-Image-2022-06-23-at-14.03.20.jpeg","type":"image\/jpeg"}],"author":"Nexe","twitter_card":"summary_large_image","twitter_creator":"@nexefundacio","twitter_site":"@nexefundacio","twitter_misc":{"Escrito por":"Nexe"},"schema":{"@context":"https:\/\/schema.org","@graph":[{"@type":"Article","@id":"https:\/\/nexefundacio.org\/es\/fins-ben-aviat-nens-i-nenes\/#article","isPartOf":{"@id":"https:\/\/nexefundacio.org\/es\/fins-ben-aviat-nens-i-nenes\/"},"author":{"name":"Nexe","@id":"https:\/\/nexefundacio.org\/#\/schema\/person\/11332180def8ebb641ab58ab164d396d"},"headline":"Hasta pronto ni\u00f1@s!","datePublished":"2022-06-30T13:23:56+00:00","dateModified":"2022-10-06T11:37:14+00:00","mainEntityOfPage":{"@id":"https:\/\/nexefundacio.org\/es\/fins-ben-aviat-nens-i-nenes\/"},"wordCount":87,"publisher":{"@id":"https:\/\/nexefundacio.org\/#organization"},"image":{"@id":"https:\/\/nexefundacio.org\/es\/fins-ben-aviat-nens-i-nenes\/#primaryimage"},"thumbnailUrl":"https:\/\/nexefundacio.org\/wp-content\/uploads\/2022\/06\/WhatsApp-Image-2022-06-23-at-14.03.20.jpeg","articleSection":["Sin categorizar"],"inLanguage":"es"},{"@type":"WebPage","@id":"https:\/\/nexefundacio.org\/es\/fins-ben-aviat-nens-i-nenes\/","url":"https:\/\/nexefundacio.org\/es\/fins-ben-aviat-nens-i-nenes\/","name":"Hasta pronto ni\u00f1@s! - Nexe Fundaci\u00f3","isPartOf":{"@id":"https:\/\/nexefundacio.org\/#website"},"primaryImageOfPage":{"@id":"https:\/\/nexefundacio.org\/es\/fins-ben-aviat-nens-i-nenes\/#primaryimage"},"image":{"@id":"https:\/\/nexefundacio.org\/es\/fins-ben-aviat-nens-i-nenes\/#primaryimage"},"thumbnailUrl":"https:\/\/nexefundacio.org\/wp-content\/uploads\/2022\/06\/WhatsApp-Image-2022-06-23-at-14.03.20.jpeg","datePublished":"2022-06-30T13:23:56+00:00","dateModified":"2022-10-06T11:37:14+00:00","breadcrumb":{"@id":"https:\/\/nexefundacio.org\/es\/fins-ben-aviat-nens-i-nenes\/#breadcrumb"},"inLanguage":"es","potentialAction":[{"@type":"ReadAction","target":["https:\/\/nexefundacio.org\/es\/fins-ben-aviat-nens-i-nenes\/"]}]},{"@type":"ImageObject","inLanguage":"es","@id":"https:\/\/nexefundacio.org\/es\/fins-ben-aviat-nens-i-nenes\/#primaryimage","url":"https:\/\/nexefundacio.org\/wp-content\/uploads\/2022\/06\/WhatsApp-Image-2022-06-23-at-14.03.20.jpeg","contentUrl":"https:\/\/nexefundacio.org\/wp-content\/uploads\/2022\/06\/WhatsApp-Image-2022-06-23-at-14.03.20.jpeg","width":1283,"height":931},{"@type":"BreadcrumbList","@id":"https:\/\/nexefundacio.org\/es\/fins-ben-aviat-nens-i-nenes\/#breadcrumb","itemListElement":[{"@type":"ListItem","position":1,"name":"Inici","item":"https:\/\/nexefundacio.org\/es\/"},{"@type":"ListItem","position":2,"name":"Hasta pronto ni\u00f1@s!"}]},{"@type":"WebSite","@id":"https:\/\/nexefundacio.org\/#website","url":"https:\/\/nexefundacio.org\/","name":"Nexe Fundaci\u00f3","description":"Acompa\u00f1amos la infancia con pluridiscapacidad","publisher":{"@id":"https:\/\/nexefundacio.org\/#organization"},"potentialAction":[{"@type":"SearchAction","target":{"@type":"EntryPoint","urlTemplate":"https:\/\/nexefundacio.org\/?s={search_term_string}"},"query-input":{"@type":"PropertyValueSpecification","valueRequired":true,"valueName":"search_term_string"}}],"inLanguage":"es"},{"@type":"Organization","@id":"https:\/\/nexefundacio.org\/#organization","name":"Nexe Fundaci\u00f3","url":"https:\/\/nexefundacio.org\/","logo":{"@type":"ImageObject","inLanguage":"es","@id":"https:\/\/nexefundacio.org\/#\/schema\/logo\/image\/","url":"https:\/\/nexefundacio.org\/wp-content\/uploads\/2021\/05\/Nexe-Fundacio.png","contentUrl":"https:\/\/nexefundacio.org\/wp-content\/uploads\/2021\/05\/Nexe-Fundacio.png","width":300,"height":126,"caption":"Nexe Fundaci\u00f3"},"image":{"@id":"https:\/\/nexefundacio.org\/#\/schema\/logo\/image\/"},"sameAs":["https:\/\/www.facebook.com\/NexeFundacioPrivada\/","https:\/\/x.com\/nexefundacio","https:\/\/www.instagram.com\/nexefundacio\/","https:\/\/www.linkedin.com\/company\/nexe-fundacio\/","https:\/\/www.youtube.com\/user\/MoutePelsQuiets"]},{"@type":"Person","@id":"https:\/\/nexefundacio.org\/#\/schema\/person\/11332180def8ebb641ab58ab164d396d","name":"Nexe"}]}},"_links":{"self":[{"href":"https:\/\/nexefundacio.org\/es\/wp-json\/wp\/v2\/posts\/550209","targetHints":{"allow":["GET"]}}],"collection":[{"href":"https:\/\/nexefundacio.org\/es\/wp-json\/wp\/v2\/posts"}],"about":[{"href":"https:\/\/nexefundacio.org\/es\/wp-json\/wp\/v2\/types\/post"}],"author":[{"embeddable":true,"href":"https:\/\/nexefundacio.org\/es\/wp-json\/wp\/v2\/users\/5"}],"replies":[{"embeddable":true,"href":"https:\/\/nexefundacio.org\/es\/wp-json\/wp\/v2\/comments?post=550209"}],"version-history":[{"count":1,"href":"https:\/\/nexefundacio.org\/es\/wp-json\/wp\/v2\/posts\/550209\/revisions"}],"predecessor-version":[{"id":550210,"href":"https:\/\/nexefundacio.org\/es\/wp-json\/wp\/v2\/posts\/550209\/revisions\/550210"}],"wp:featuredmedia":[{"embeddable":true,"href":"https:\/\/nexefundacio.org\/es\/wp-json\/wp\/v2\/media\/549945"}],"wp:attachment":[{"href":"https:\/\/nexefundacio.org\/es\/wp-json\/wp\/v2\/media?parent=550209"}],"wp:term":[{"taxonomy":"category","embeddable":true,"href":"https:\/\/nexefundacio.org\/es\/wp-json\/wp\/v2\/categories?post=550209"},{"taxonomy":"post_tag","embeddable":true,"href":"https:\/\/nexefundacio.org\/es\/wp-json\/wp\/v2\/tags?post=550209"}],"curies":[{"name":"wp","href":"https:\/\/api.w.org\/{rel}","templated":true}]}}